{"id":896,"date":"2021-10-20T11:54:47","date_gmt":"2021-10-20T09:54:47","guid":{"rendered":"http:\/\/association-musicale-meriadeg.net\/?p=896"},"modified":"2021-11-30T19:24:17","modified_gmt":"2021-11-30T18:24:17","slug":"lariden-jeu-de-plescop","status":"publish","type":"post","link":"https:\/\/association-musicale-meriadeg.net\/index.php\/2021\/10\/20\/lariden-jeu-de-plescop\/","title":{"rendered":"Lariden jeu de Plescop"},"content":{"rendered":"\n<figure class=\"wp-block-audio\"><audio controls src=\"http:\/\/association-musicale-meriadeg.net\/wp-content\/uploads\/2021\/10\/Audio-Laride-de-Plescop.mp3\"><\/audio><figcaption>Ce larid\u00e9 a \u00e9t\u00e9 collect\u00e9 \u00e0 Plescop, on change de cavalier(ere) sur la derni\u00e8re phrase<\/figcaption><\/figure>\n\n\n<a href=\"https:\/\/association-musicale-meriadeg.net\/wp-content\/uploads\/2021\/10\/Tablature-laride-pdf.pdf\" class=\"pdfemb-viewer\" style=\"\" data-width=\"max\" data-height=\"max\"  data-toolbar=\"bottom\" data-toolbar-fixed=\"off\">Tablature-laride-pdf<br\/><\/a>\n<p class=\"wp-block-pdfemb-pdf-embedder-viewer\"><\/p>\n\n\n<a href=\"https:\/\/association-musicale-meriadeg.net\/wp-content\/uploads\/2021\/10\/Laride-jeu-PartitionParoles.pdf\" class=\"pdfemb-viewer\" style=\"\" data-width=\"max\" data-height=\"max\"  data-toolbar=\"bottom\" data-toolbar-fixed=\"off\">Laride-jeu-PartitionParoles<br\/><\/a>\n<p class=\"wp-block-pdfemb-pdf-embedder-viewer\"><\/p>\n\n\n<a href=\"https:\/\/association-musicale-meriadeg.net\/wp-content\/uploads\/2021\/10\/Laride-paroles.pdf\" class=\"pdfemb-viewer\" style=\"\" data-width=\"max\" data-height=\"max\"  data-toolbar=\"bottom\" data-toolbar-fixed=\"off\">Laride-paroles<br\/><\/a>\n<p class=\"wp-block-pdfemb-pdf-embedder-viewer\"><\/p>\n\n\n\n<figure class=\"wp-block-audio\"><audio controls src=\"http:\/\/association-musicale-meriadeg.net\/wp-content\/uploads\/2021\/11\/laridenjeu-violon-chant.mp3\"><\/audio><figcaption>chant et violon audio<\/figcaption><\/figure>\n\n\n\n<figure class=\"wp-block-audio\"><audio controls src=\"http:\/\/association-musicale-meriadeg.net\/wp-content\/uploads\/2021\/11\/laride-pizz.mp3\"><\/audio><figcaption>1 note sur 2 en pizzicato<\/figcaption><\/figure>\n\n\n\n<figure class=\"wp-block-audio\"><audio controls src=\"http:\/\/association-musicale-meriadeg.net\/wp-content\/uploads\/2021\/11\/laridenjeu-violon-spi.mp3\"><\/audio><figcaption>1 note sur 2 en \u00ab\u00a0spiccato\u00a0\u00bb, les notes sont d\u00e9tach\u00e9es, avec le poignet<\/figcaption><\/figure>\n\n\n\n<figure class=\"wp-block-audio\"><audio controls src=\"http:\/\/association-musicale-meriadeg.net\/wp-content\/uploads\/2021\/11\/laride-djembe-ensemble.mp3\"><\/audio><figcaption>larid\u00e9 avec guitare et djembe<\/figcaption><\/figure>\n","protected":false},"excerpt":{"rendered":"","protected":false},"author":3,"featured_media":0,"comment_status":"closed","ping_status":"closed","sticky":false,"template":"","format":"standard","meta":[],"categories":[37],"tags":[],"_links":{"self":[{"href":"https:\/\/association-musicale-meriadeg.net\/index.php\/wp-json\/wp\/v2\/posts\/896"}],"collection":[{"href":"https:\/\/association-musicale-meriadeg.net\/index.php\/wp-json\/wp\/v2\/posts"}],"about":[{"href":"https:\/\/association-musicale-meriadeg.net\/index.php\/wp-json\/wp\/v2\/types\/post"}],"author":[{"embeddable":true,"href":"https:\/\/association-musicale-meriadeg.net\/index.php\/wp-json\/wp\/v2\/users\/3"}],"replies":[{"embeddable":true,"href":"https:\/\/association-musicale-meriadeg.net\/index.php\/wp-json\/wp\/v2\/comments?post=896"}],"version-history":[{"count":11,"href":"https:\/\/association-musicale-meriadeg.net\/index.php\/wp-json\/wp\/v2\/posts\/896\/revisions"}],"predecessor-version":[{"id":1033,"href":"https:\/\/association-musicale-meriadeg.net\/index.php\/wp-json\/wp\/v2\/posts\/896\/revisions\/1033"}],"wp:attachment":[{"href":"https:\/\/association-musicale-meriadeg.net\/index.php\/wp-json\/wp\/v2\/media?parent=896"}],"wp:term":[{"taxonomy":"category","embeddable":true,"href":"https:\/\/association-musicale-meriadeg.net\/index.php\/wp-json\/wp\/v2\/categories?post=896"},{"taxonomy":"post_tag","embeddable":true,"href":"https:\/\/association-musicale-meriadeg.net\/index.php\/wp-json\/wp\/v2\/tags?post=896"}],"curies":[{"name":"wp","href":"https:\/\/api.w.org\/{rel}","templated":true}]}}