{"id":641,"date":"2020-06-19T17:15:37","date_gmt":"2020-06-19T15:15:37","guid":{"rendered":"http:\/\/association-musicale-meriadeg.net\/?p=641"},"modified":"2020-06-19T17:15:37","modified_gmt":"2020-06-19T15:15:37","slug":"jig-the-miller-off-glanmyer","status":"publish","type":"post","link":"https:\/\/association-musicale-meriadeg.net\/index.php\/2020\/06\/19\/jig-the-miller-off-glanmyer\/","title":{"rendered":"jig the miller off glanmyer"},"content":{"rendered":"\n<figure class=\"wp-block-audio\"><audio controls src=\"http:\/\/association-musicale-meriadeg.net\/wp-content\/uploads\/2020\/06\/the-miller-of-glanmire-by-the-celtic-meriadec-band-avec-percu.mp3\"><\/audio><figcaption>Jig du confinement<\/figcaption><\/figure>\n\n\n\n<h2>La jig a \u00e9t\u00e9 enregistr\u00e9e par chaque musicien, avec les moyens du bord (portable, PC), pendant la p\u00e9riode de confinement. Le son a \u00e9t\u00e9 mix\u00e9 par Laurent.<\/h2>\n","protected":false},"excerpt":{"rendered":"<p>La jig a \u00e9t\u00e9 enregistr\u00e9e par chaque musicien, avec les moyens du bord (portable, PC), pendant la p\u00e9riode de confinement. Le son a \u00e9t\u00e9 mix\u00e9 par Laurent.<\/p>\n","protected":false},"author":3,"featured_media":0,"comment_status":"closed","ping_status":"closed","sticky":false,"template":"","format":"standard","meta":[],"categories":[31,3],"tags":[],"_links":{"self":[{"href":"https:\/\/association-musicale-meriadeg.net\/index.php\/wp-json\/wp\/v2\/posts\/641"}],"collection":[{"href":"https:\/\/association-musicale-meriadeg.net\/index.php\/wp-json\/wp\/v2\/posts"}],"about":[{"href":"https:\/\/association-musicale-meriadeg.net\/index.php\/wp-json\/wp\/v2\/types\/post"}],"author":[{"embeddable":true,"href":"https:\/\/association-musicale-meriadeg.net\/index.php\/wp-json\/wp\/v2\/users\/3"}],"replies":[{"embeddable":true,"href":"https:\/\/association-musicale-meriadeg.net\/index.php\/wp-json\/wp\/v2\/comments?post=641"}],"version-history":[{"count":2,"href":"https:\/\/association-musicale-meriadeg.net\/index.php\/wp-json\/wp\/v2\/posts\/641\/revisions"}],"predecessor-version":[{"id":643,"href":"https:\/\/association-musicale-meriadeg.net\/index.php\/wp-json\/wp\/v2\/posts\/641\/revisions\/643"}],"wp:attachment":[{"href":"https:\/\/association-musicale-meriadeg.net\/index.php\/wp-json\/wp\/v2\/media?parent=641"}],"wp:term":[{"taxonomy":"category","embeddable":true,"href":"https:\/\/association-musicale-meriadeg.net\/index.php\/wp-json\/wp\/v2\/categories?post=641"},{"taxonomy":"post_tag","embeddable":true,"href":"https:\/\/association-musicale-meriadeg.net\/index.php\/wp-json\/wp\/v2\/tags?post=641"}],"curies":[{"name":"wp","href":"https:\/\/api.w.org\/{rel}","templated":true}]}}